{"id":807,"date":"2026-08-22T20:05:44","date_gmt":"2026-08-22T20:05:44","guid":{"rendered":"https:\/\/redsemlac.com\/?p=807"},"modified":"2026-08-22T20:05:44","modified_gmt":"2026-08-22T20:05:44","slug":"cuba-cuando-el-cibercontrol-tambien-se-disfraza-de-amor","status":"publish","type":"post","link":"https:\/\/redsemlac.com\/index.php\/2026\/08\/22\/cuba-cuando-el-cibercontrol-tambien-se-disfraza-de-amor\/","title":{"rendered":"Cuba: Cuando el cibercontrol tambi\u00e9n se disfraza de amor"},"content":{"rendered":"<p>La Habana, agosto (SEMlac). Como en otras zonas del mundo, la violencia de g\u00e9nero en Cuba adquiere nuevos rostros en el entorno digital. Se trata de un problema m\u00e1s frecuente entre j\u00f3venes y adolescentes, y los adultos a\u00fan no saben bien c\u00f3mo abordarlo, coinciden acad\u00e9micas de la naci\u00f3n caribe\u00f1a.<\/p>\n<p>Cada vez es m\u00e1s frecuente que en parejas j\u00f3venes el <a href=\"https:\/\/www.redsemlac-cuba.net\/redsemlac\/violencia\/control-y-celos-ejes-de-violencia-en-noviazgos-adolescentes\/\">control<\/a> y la vigilancia se ejerzan a trav\u00e9s de dispositivos m\u00f3viles y redes sociales. Exigir respuestas inmediatas, compartir contrase\u00f1as o la geolocalizaci\u00f3n permanente son conductas que, lejos de ser percibidas como abusivas, se confunden con <a href=\"https:\/\/www.redsemlac-cuba.net\/redsemlac\/violencia\/alcemos-la-voz-el-juego-romantico-del-control-tras-el-amor-2-0-podcast\/\">muestras de amor<\/a>.<\/p>\n<p>&#8220;Las j\u00f3venes nombran el control como &#8216;amor&#8217;, &#8216;confianza&#8217; o &#8216;cuidado&#8217;, porque ese es el significante que recibi\u00f3 desde el constructo cultural&#8221; y eso complica la compresi\u00f3n del da\u00f1o, asegur\u00f3 a SEMlac Mayli Perdomo, profesora de la Facultad de Psicolog\u00eda de la Universidad de La Habana, durante <a href=\"https:\/\/www.redsemlac-cuba.net\/redsemlac\/violencia\/ciberviolencia-y-jovenes-donde-mirar\/\">un debate sobre esa problem\u00e1tica<\/a> publicado en junio de 2026.<\/p>\n<p>En su opini\u00f3n, esta naturalizaci\u00f3n impide que muchas veces se identifique la agresi\u00f3n, pues el imaginario social sigue sosteniendo que el amor rom\u00e1ntico implica entrega total, sacrificio y fusi\u00f3n con el otro.<\/p>\n<p>A finales de 2025, Cuba contaba con un total de 8,14 millones de conexiones m\u00f3viles activas, cifra equivalente al 74,5 por ciento de la poblaci\u00f3n total, seg\u00fan el <a href=\"https:\/\/datareportal-com.translate.goog\/reports\/digital-2026-cuba?_x_tr_sl=en&amp;_x_tr_tl=es&amp;_x_tr_hl=es&amp;_x_tr_pto=tc\">Informe Digital 2026<\/a> sobre tendencias digitales y de redes sociales, de la organizaci\u00f3n internacional We Are Social.<\/p>\n<p>Adem\u00e1s, 7,79 millones de personas utilizaban internet, con una penetraci\u00f3n en l\u00ednea del 71,3 por ciento y unos 6,56 millones de usuarios de redes sociales, el 60,1 por ciento de la poblaci\u00f3n.<\/p>\n<p>Pese a las dificultades de conectividad asociadas a la actual crisis econ\u00f3mica, la digitalizaci\u00f3n del pa\u00eds <a href=\"https:\/\/www.redsemlac-cuba.net\/redsemlac\/violencia\/la-violencia-de-genero-se-expande-en-el-mundo-digital\/\">ha incrementado los riesgos de este tipo de maltrato<\/a> para la poblaci\u00f3n m\u00e1s joven.<\/p>\n<p>La evidencia acad\u00e9mica respalda estas preocupaciones. Un estudio publicado en 2026 en la <em>Revista Cubana de Psicolog\u00eda<\/em>, con una muestra de 511 estudiantes de 13 a 17 a\u00f1os en La Habana, revel\u00f3 que 33,7 por ciento de los adolescentes estuvo implicado en situaciones de <em>ciberbullying<\/em>.<\/p>\n<figure id=\"attachment_810\" aria-describedby=\"caption-attachment-810\" style=\"width: 1200px\" class=\"wp-caption alignnone\"><img loading=\"lazy\" decoding=\"async\" class=\"wp-image-810\" src=\"https:\/\/redsemlac.com\/wp-content\/uploads\/2026\/08\/2-RTVE.jpg\" alt=\"En muchas ocasiones, j\u00f3venes y adolescentes no identifican que est\u00e1n siendo v\u00edctimas de ciberviolencia. \" width=\"1200\" height=\"675\" srcset=\"https:\/\/redsemlac.com\/wp-content\/uploads\/2026\/08\/2-RTVE.jpg 400w, https:\/\/redsemlac.com\/wp-content\/uploads\/2026\/08\/2-RTVE-300x169.jpg 300w, https:\/\/redsemlac.com\/wp-content\/uploads\/2026\/08\/2-RTVE-150x84.jpg 150w\" sizes=\"auto, (max-width: 1200px) 100vw, 1200px\" \/><figcaption id=\"caption-attachment-810\" class=\"wp-caption-text\">En muchas ocasiones, j\u00f3venes y adolescentes no identifican que est\u00e1n siendo v\u00edctimas de ciberviolencia. Foto: RTVE<\/figcaption><\/figure>\n<p>De las personas encuestadas, 14,1 por cientose identificaron como v\u00edctimas, 6,1 por ciento como agresores y 13,5 por ciento en ambos roles, seg\u00fan el art\u00edculo <a href=\"https:\/\/revistas.uh.cu\/psicocuba\/article\/view\/12545\/10820\">\u201cPredictores del ciberbullying en adolescentes cubanos: redes sociales, salud mental, g\u00e9nero y grado escolar\u201d<\/a>, de Jorge Enrique Torralbas Osl\u00e9, Mar\u00eda Paula Vald\u00e9s Torres y Luis Daniel Alem\u00e1n \u00c1lvarez.Las formas m\u00e1s comunes de violencia identificadas fueron la agresi\u00f3n verbal y la exclusi\u00f3n social.<\/p>\n<p>\u201cEste hallazgo demanda la necesidad de pol\u00edticas p\u00fablicas y programas educativos enfocados en la alfabetizaci\u00f3n digital, la promoci\u00f3n de un uso saludable de las redes sociales y la prevenci\u00f3n de din\u00e1micas violentas en entornos virtuales\u201d, demanda el texto.<\/p>\n<h3><strong>Se\u00f1ales de alerta<\/strong><\/h3>\n<p>Es dificil identificar el problema, pues a menudo las se\u00f1ales de alerta en el entorno digital son sutiles y se confunden con h\u00e1bitos cotidianos, alert\u00f3 <a href=\"https:\/\/directoriogenero.redsemlac-cuba.net\/claudia-cancio-bello-ayes\/\">Claudia Cancio-Bello<\/a>, otra de las especialistas consultadas por SEMlac.<\/p>\n<p>Se deben vigilar &#8220;s\u00edntomas de ansiedad, de preocupaci\u00f3n, de irritabilidad, de miedo&#8221;, as\u00ed como &#8220;una mirada de ensimismamiento, perdida, de preocupaci\u00f3n, de no querer que le revisen el m\u00f3vil y ponerse muy agresiva&#8221;, advirti\u00f3 la tambi\u00e9n directora del Centro de Estudios de Bienestar Psicol\u00f3gico Alfonso Bernal del Riesgo.<\/p>\n<p>Seg\u00fan <a href=\"https:\/\/directoriogenero.redsemlac-cuba.net\/emely-corcho-rosales\/\">Emely Corcho<\/a>, psic\u00f3loga y profesora de la universidad capitalina, tambi\u00e9n se pueden vigilar acciones como &#8220;borrar perfiles, eliminar la foto de perfil, eliminar publicaciones&#8221; o <a href=\"https:\/\/www.redsemlac-cuba.net\/redsemlac\/violencia\/cuando-la-tecnologia-reconfigura-las-violencias\/\">cambios en los patrones de consumo digital<\/a>.<\/p>\n<p>En algunos casos, las v\u00edctimas &#8220;se sienten culpables de lo sucedido y comienzan a eliminar sus publicaciones o perfiles, como si fuera lo que provoc\u00f3 el acoso&#8221;, explic\u00f3 Corcho. Tambi\u00e9n mencion\u00f3 que puede darse una hiperconectividad constante asociada a rasgos ansiosos, como una manera de intentar tener el control de la situaci\u00f3n.<\/p>\n<p>Desde su experiencia como psic\u00f3loga cl\u00ednica con mujeres j\u00f3venes, Perdomo agrupa estas se\u00f1ales en tres manifestaciones recurrentes: hipervigilancia digital (miedo a abrir el tel\u00e9fono), restricci\u00f3n autoimpuesta (dejar de publicar fotos, borrar conversaciones) y disociaci\u00f3n entre el afecto y el nombre, por ejemplo, cuando una joven describe como &#8220;cuidado&#8221; la exigencia de ubicaci\u00f3n por parte de su pareja, pero llora o se angustia al decirlo.<\/p>\n<p>En tanto, la tambi\u00e9n psic\u00f3loga Camila Dur\u00e1n, especialista del Centro Nacional de Educaci\u00f3n Sexual (Cenesex), pone el foco en la somatizaci\u00f3n: dolores de cabeza frecuentes, problemas de est\u00f3mago, insomnio, cambios de humor muy intensos (irritabilidad, tristeza). \u201cCuando estos s\u00edntomas aparecen vinculados al uso del tel\u00e9fono o despu\u00e9s de haberlo usado, el cuerpo dice que algo anda mal&#8221;, inisiti\u00f3.<\/p>\n<p>Pero advierte como lo primero que hay que entender que &#8220;un adolescente no te va a decir &#8216;sufro <a href=\"https:\/\/www.redsemlac-cuba.net\/tag\/ciberviolencia\/\">ciberviolencia<\/a>&#8216;&#8221;, porque probablemente ni siquiera es consciente de ello y, adem\u00e1s, contar lo que le pasa implica riesgos que calcula perfectamente.<\/p>\n<h3><strong>\u00bfC\u00f3mo actuar?<\/strong><\/h3>\n<p>Una de las principales barreras <a href=\"https:\/\/www.redsemlac-cuba.net\/redsemlac\/violencia\/ciberviolencias-patron-digital-del-abuso\/\">para la detecci\u00f3n y la denuncia<\/a> es la brecha generacional y la reacci\u00f3n punitiva de los adultos.<\/p>\n<p>&#8220;La primera barrera somos los adultos y el miedo a la reacci\u00f3n&#8221;, sentenci\u00f3 Dur\u00e1n. Desde la l\u00f3gica adolescente, si cuentan lo que les pasa, lo primero que har\u00e1n sus padres ser\u00e1 quitarles el m\u00f3vil. Y &#8220;quedarse sin m\u00f3vil hoy es el equivalente a no dejarte ir a la fiesta o salir con tus amigos de nuestro tiempo&#8221;, explic\u00f3.<\/p>\n<figure id=\"attachment_811\" aria-describedby=\"caption-attachment-811\" style=\"width: 1000px\" class=\"wp-caption alignnone\"><img loading=\"lazy\" decoding=\"async\" class=\"size-full wp-image-811\" src=\"https:\/\/redsemlac.com\/wp-content\/uploads\/2026\/08\/4-talleres.jpg\" alt=\"Camila Dur\u00e1n recomend\u00f3 establecer una buena comunicaci\u00f3n con las personas adolescentes y permitirles pensar con sus propias herramientas. \" width=\"1000\" height=\"750\" srcset=\"https:\/\/redsemlac.com\/wp-content\/uploads\/2026\/08\/4-talleres.jpg 1000w, https:\/\/redsemlac.com\/wp-content\/uploads\/2026\/08\/4-talleres-300x225.jpg 300w, https:\/\/redsemlac.com\/wp-content\/uploads\/2026\/08\/4-talleres-768x576.jpg 768w, https:\/\/redsemlac.com\/wp-content\/uploads\/2026\/08\/4-talleres-560x420.jpg 560w, https:\/\/redsemlac.com\/wp-content\/uploads\/2026\/08\/4-talleres-80x60.jpg 80w, https:\/\/redsemlac.com\/wp-content\/uploads\/2026\/08\/4-talleres-150x113.jpg 150w, https:\/\/redsemlac.com\/wp-content\/uploads\/2026\/08\/4-talleres-696x522.jpg 696w\" sizes=\"auto, (max-width: 1000px) 100vw, 1000px\" \/><figcaption id=\"caption-attachment-811\" class=\"wp-caption-text\">Camila Dur\u00e1n recomend\u00f3 establecer una buena comunicaci\u00f3n con las personas adolescentes y permitirles pensar con sus propias herramientas. Foto: Cortes\u00eda de Dayal\u00e9 Torres Di\u00e9guez<\/figcaption><\/figure>\n<p>Ademas, el anonimato en las redes sociales dificulta la acci\u00f3n legal, lo que lleva a las v\u00edctimas a perder la esperanza de que el agresor sufra repercusiones. A esta situaci\u00f3n se suma la debilidad del marco legal y la ausencia de estad\u00edsticas oficiales desagregadas. Cuba califica entre los pa\u00edses con limitado abordaje legal de la violencia digital contra las mujeres y las ni\u00f1as.<\/p>\n<p>Aunque desde 2021 el Decreto-Ley No. 35<a href=\"https:\/\/www.gacetaoficial.gob.cu\/es\/gaceta-oficial-no-92-ordinaria-de-2021\">\u201cDe las Telecomunicaciones, las Tecnolog\u00edas de la Informaci\u00f3n y la Comunicaci\u00f3n y el uso del Espectro Radioel\u00e9ctrico\u201d<\/a>define como delitos inform\u00e1ticos el ciberacoso y el <em>grooming<\/em>, no se conocen datos oficiales sobre c\u00f3mo afectan estas formas de maltrato machista.<\/p>\n<p>Esta carencia contrasta con las cifras globales: al menos 73 por ciento de las mujeres y ni\u00f1as en todo el mundo han experimentado violencia digital, seg\u00fan el <a href=\"https:\/\/mexico.unwomen.org\/sites\/default\/files\/2023-03\/Brief_ViolenciaDigital.pdf\">\u201cInforme sobre violencia digital contra las mujeres\u201d<\/a>, publicado en 2020 por ONU Mujeres.<\/p>\n<p>Frente a ese panorama, las especialistas abogan por cambiar el enfoque de la intervenci\u00f3n. Perdomo sostiene que el abordaje no debe ser meramente educativo, sino cl\u00ednico.<\/p>\n<p>En lugar de decirle \u201ceso es violencia&#8221;, preguntar por el costo: \u00bfy eso a ti c\u00f3mo te deja?, \u00bfc\u00f3mo dormiste anoche?, \u00bfqu\u00e9 pasa si no lo haces?, \u201chasta que la contradicci\u00f3n entre su malestar y el nombre que le da al problema se haga insostenible para ella&#8221;.<\/p>\n<p>En tanto, Dur\u00e1nenfatiza que &#8220;lo primero no es sermonear\u201d, sino &#8220;establecer una buena comunicaci\u00f3n con las personas adolescentes, donde no se les diga lo que est\u00e1 bien o mal, sino que se les permita pensar con sus propias herramientas&#8221;.<\/p>\n<p>M\u00e1s all\u00e1 de las charlas escolares, hay que &#8220;formar a los propios adolescentes como agentes de cambio dentro de esos espacios&#8221;, porque el lenguaje y los c\u00f3digos entre ellos pesan mucho m\u00e1s que los de un adulto, insisti\u00f3 Dur\u00e1n.<\/p>\n<p>La alfabetizaci\u00f3n digital,coinciden las especialistas, debe tener una perspectiva cr\u00edtica y de g\u00e9nero, que no solo ense\u00f1e a configurar la privacidad o a reportar, sino que cuestione la l\u00f3gica cultural de fondo.<\/p>\n<p>&#8220;Si no desmontamos la idea de que el amor es posesi\u00f3n, de que en los espacios digitales todo vale, de que el anonimato es carta blanca para expresar opiniones sin ninguna responsabilidad, la l\u00f3gica cultural que hay debajo reproducir\u00e1 el control&#8221;, concluy\u00f3 Dur\u00e1n.<\/p>\n","protected":false},"excerpt":{"rendered":"<p>Como en otras zonas del mundo, la violencia de g\u00e9nero en Cuba adquiere nuevos rostros en el entorno digital. Se trata de un problema m\u00e1s frecuente entre j\u00f3venes y adolescentes, y los adultos a\u00fan no saben bien c\u00f3mo abordarlo, coinciden acad\u00e9micas de la naci\u00f3n caribe\u00f1a.<\/p>\n","protected":false},"author":4,"featured_media":809,"comment_status":"open","ping_status":"open","sticky":false,"template":"","format":"standard","meta":{"footnotes":""},"categories":[14],"tags":[82,212,37,94,42,99],"class_list":["post-807","post","type-post","status-publish","format-standard","has-post-thumbnail","category-violencia-de-genero","tag-adolescencias","tag-ciberviolencia","tag-cuba","tag-juventudes","tag-violencia-de-genero","tag-violencia-digital"],"yoast_head":"<!-- This site is optimized with the Yoast SEO plugin v28.3 - https:\/\/yoast.com\/product\/yoast-seo-wordpress\/ -->\n<title>Cuba: Cuando el cibercontrol tambi\u00e9n se disfraza de amor - RedSemLac<\/title>\n<meta name=\"robots\" content=\"index, follow, max-snippet:-1, max-image-preview:large, max-video-preview:-1\" \/>\n<link rel=\"canonical\" href=\"https:\/\/redsemlac.com\/index.php\/2026\/08\/22\/cuba-cuando-el-cibercontrol-tambien-se-disfraza-de-amor\/\" \/>\n<meta property=\"og:locale\" content=\"es_MX\" \/>\n<meta property=\"og:type\" content=\"article\" \/>\n<meta property=\"og:title\" content=\"Cuba: Cuando el cibercontrol tambi\u00e9n se disfraza de amor - RedSemLac\" \/>\n<meta property=\"og:description\" content=\"Como en otras zonas del mundo, la violencia de g\u00e9nero en Cuba adquiere nuevos rostros en el entorno digital. Se trata de un problema m\u00e1s frecuente entre j\u00f3venes y adolescentes, y los adultos a\u00fan no saben bien c\u00f3mo abordarlo, coinciden acad\u00e9micas de la naci\u00f3n caribe\u00f1a.\" \/>\n<meta property=\"og:url\" content=\"https:\/\/redsemlac.com\/index.php\/2026\/08\/22\/cuba-cuando-el-cibercontrol-tambien-se-disfraza-de-amor\/\" \/>\n<meta property=\"og:site_name\" content=\"RedSemLac\" \/>\n<meta property=\"article:published_time\" content=\"2026-08-22T20:05:44+00:00\" \/>\n<meta property=\"og:image\" content=\"https:\/\/redsemlac.com\/wp-content\/uploads\/2026\/08\/1-control-portada.jpg\" \/>\n\t<meta property=\"og:image:width\" content=\"617\" \/>\n\t<meta property=\"og:image:height\" content=\"463\" \/>\n\t<meta property=\"og:image:type\" content=\"image\/jpeg\" \/>\n<meta name=\"author\" content=\"Dixie Edith\" \/>\n<meta name=\"twitter:card\" content=\"summary_large_image\" \/>\n<meta name=\"twitter:label1\" content=\"Escrito por\" \/>\n\t<meta name=\"twitter:data1\" content=\"Dixie Edith\" \/>\n\t<meta name=\"twitter:label2\" content=\"Tiempo de lectura\" \/>\n\t<meta name=\"twitter:data2\" content=\"7 minutos\" \/>\n<script type=\"application\/ld+json\" class=\"yoast-schema-graph\">{\"@context\":\"https:\\\/\\\/schema.org\",\"@graph\":[{\"@type\":\"Article\",\"@id\":\"https:\\\/\\\/redsemlac.com\\\/index.php\\\/2026\\\/08\\\/22\\\/cuba-cuando-el-cibercontrol-tambien-se-disfraza-de-amor\\\/#article\",\"isPartOf\":{\"@id\":\"https:\\\/\\\/redsemlac.com\\\/index.php\\\/2026\\\/08\\\/22\\\/cuba-cuando-el-cibercontrol-tambien-se-disfraza-de-amor\\\/\"},\"author\":{\"name\":\"Dixie Edith\",\"@id\":\"https:\\\/\\\/redsemlac.com\\\/#\\\/schema\\\/person\\\/97a65c32a644ae633545aa3a50abcd14\"},\"headline\":\"Cuba: Cuando el cibercontrol tambi\u00e9n se disfraza de amor\",\"datePublished\":\"2026-08-22T20:05:44+00:00\",\"mainEntityOfPage\":{\"@id\":\"https:\\\/\\\/redsemlac.com\\\/index.php\\\/2026\\\/08\\\/22\\\/cuba-cuando-el-cibercontrol-tambien-se-disfraza-de-amor\\\/\"},\"wordCount\":1413,\"commentCount\":0,\"publisher\":{\"@id\":\"https:\\\/\\\/redsemlac.com\\\/#organization\"},\"image\":{\"@id\":\"https:\\\/\\\/redsemlac.com\\\/index.php\\\/2026\\\/08\\\/22\\\/cuba-cuando-el-cibercontrol-tambien-se-disfraza-de-amor\\\/#primaryimage\"},\"thumbnailUrl\":\"https:\\\/\\\/redsemlac.com\\\/wp-content\\\/uploads\\\/2026\\\/08\\\/1-control-portada.jpg\",\"keywords\":[\"Adolescencias\",\"ciberviolencia\",\"Cuba\",\"juventudes\",\"Violencia de g\u00e9nero\",\"Violencia digital\"],\"articleSection\":[\"Violencia de g\u00e9nero\"],\"inLanguage\":\"es\",\"potentialAction\":[{\"@type\":\"CommentAction\",\"name\":\"Comment\",\"target\":[\"https:\\\/\\\/redsemlac.com\\\/index.php\\\/2026\\\/08\\\/22\\\/cuba-cuando-el-cibercontrol-tambien-se-disfraza-de-amor\\\/#respond\"]}]},{\"@type\":\"WebPage\",\"@id\":\"https:\\\/\\\/redsemlac.com\\\/index.php\\\/2026\\\/08\\\/22\\\/cuba-cuando-el-cibercontrol-tambien-se-disfraza-de-amor\\\/\",\"url\":\"https:\\\/\\\/redsemlac.com\\\/index.php\\\/2026\\\/08\\\/22\\\/cuba-cuando-el-cibercontrol-tambien-se-disfraza-de-amor\\\/\",\"name\":\"Cuba: Cuando el cibercontrol tambi\u00e9n se disfraza de amor - RedSemLac\",\"isPartOf\":{\"@id\":\"https:\\\/\\\/redsemlac.com\\\/#website\"},\"primaryImageOfPage\":{\"@id\":\"https:\\\/\\\/redsemlac.com\\\/index.php\\\/2026\\\/08\\\/22\\\/cuba-cuando-el-cibercontrol-tambien-se-disfraza-de-amor\\\/#primaryimage\"},\"image\":{\"@id\":\"https:\\\/\\\/redsemlac.com\\\/index.php\\\/2026\\\/08\\\/22\\\/cuba-cuando-el-cibercontrol-tambien-se-disfraza-de-amor\\\/#primaryimage\"},\"thumbnailUrl\":\"https:\\\/\\\/redsemlac.com\\\/wp-content\\\/uploads\\\/2026\\\/08\\\/1-control-portada.jpg\",\"datePublished\":\"2026-08-22T20:05:44+00:00\",\"breadcrumb\":{\"@id\":\"https:\\\/\\\/redsemlac.com\\\/index.php\\\/2026\\\/08\\\/22\\\/cuba-cuando-el-cibercontrol-tambien-se-disfraza-de-amor\\\/#breadcrumb\"},\"inLanguage\":\"es\",\"potentialAction\":[{\"@type\":\"ReadAction\",\"target\":[\"https:\\\/\\\/redsemlac.com\\\/index.php\\\/2026\\\/08\\\/22\\\/cuba-cuando-el-cibercontrol-tambien-se-disfraza-de-amor\\\/\"]}]},{\"@type\":\"ImageObject\",\"inLanguage\":\"es\",\"@id\":\"https:\\\/\\\/redsemlac.com\\\/index.php\\\/2026\\\/08\\\/22\\\/cuba-cuando-el-cibercontrol-tambien-se-disfraza-de-amor\\\/#primaryimage\",\"url\":\"https:\\\/\\\/redsemlac.com\\\/wp-content\\\/uploads\\\/2026\\\/08\\\/1-control-portada.jpg\",\"contentUrl\":\"https:\\\/\\\/redsemlac.com\\\/wp-content\\\/uploads\\\/2026\\\/08\\\/1-control-portada.jpg\",\"width\":617,\"height\":463,\"caption\":\"Cada vez es m\u00e1s frecuente que las parejas j\u00f3venes ejerzan control y vigilancia mediante dispositivos m\u00f3viles y redes sociales. Foto: UNL Noticias\"},{\"@type\":\"BreadcrumbList\",\"@id\":\"https:\\\/\\\/redsemlac.com\\\/index.php\\\/2026\\\/08\\\/22\\\/cuba-cuando-el-cibercontrol-tambien-se-disfraza-de-amor\\\/#breadcrumb\",\"itemListElement\":[{\"@type\":\"ListItem\",\"position\":1,\"name\":\"Inicio\",\"item\":\"https:\\\/\\\/redsemlac.com\\\/\"},{\"@type\":\"ListItem\",\"position\":2,\"name\":\"Cuba: Cuando el cibercontrol tambi\u00e9n se disfraza de amor\"}]},{\"@type\":\"WebSite\",\"@id\":\"https:\\\/\\\/redsemlac.com\\\/#website\",\"url\":\"https:\\\/\\\/redsemlac.com\\\/\",\"name\":\"RedSemLac\",\"description\":\"\",\"publisher\":{\"@id\":\"https:\\\/\\\/redsemlac.com\\\/#organization\"},\"potentialAction\":[{\"@type\":\"SearchAction\",\"target\":{\"@type\":\"EntryPoint\",\"urlTemplate\":\"https:\\\/\\\/redsemlac.com\\\/?s={search_term_string}\"},\"query-input\":{\"@type\":\"PropertyValueSpecification\",\"valueRequired\":true,\"valueName\":\"search_term_string\"}}],\"inLanguage\":\"es\"},{\"@type\":\"Organization\",\"@id\":\"https:\\\/\\\/redsemlac.com\\\/#organization\",\"name\":\"RedSemLac\",\"url\":\"https:\\\/\\\/redsemlac.com\\\/\",\"logo\":{\"@type\":\"ImageObject\",\"inLanguage\":\"es\",\"@id\":\"https:\\\/\\\/redsemlac.com\\\/#\\\/schema\\\/logo\\\/image\\\/\",\"url\":\"https:\\\/\\\/redsemlac.com\\\/wp-content\\\/uploads\\\/2026\\\/07\\\/logo_redsemlac.png\",\"contentUrl\":\"https:\\\/\\\/redsemlac.com\\\/wp-content\\\/uploads\\\/2026\\\/07\\\/logo_redsemlac.png\",\"width\":170,\"height\":105,\"caption\":\"RedSemLac\"},\"image\":{\"@id\":\"https:\\\/\\\/redsemlac.com\\\/#\\\/schema\\\/logo\\\/image\\\/\"}},{\"@type\":\"Person\",\"@id\":\"https:\\\/\\\/redsemlac.com\\\/#\\\/schema\\\/person\\\/97a65c32a644ae633545aa3a50abcd14\",\"name\":\"Dixie Edith\",\"image\":{\"@type\":\"ImageObject\",\"inLanguage\":\"es\",\"@id\":\"https:\\\/\\\/secure.gravatar.com\\\/avatar\\\/5f36ed646dfb943b5d60cc67f30ed2fd6066f9a521a4ec61d32a2e3e4272296b?s=96&d=mm&r=g\",\"url\":\"https:\\\/\\\/secure.gravatar.com\\\/avatar\\\/5f36ed646dfb943b5d60cc67f30ed2fd6066f9a521a4ec61d32a2e3e4272296b?s=96&d=mm&r=g\",\"contentUrl\":\"https:\\\/\\\/secure.gravatar.com\\\/avatar\\\/5f36ed646dfb943b5d60cc67f30ed2fd6066f9a521a4ec61d32a2e3e4272296b?s=96&d=mm&r=g\",\"caption\":\"Dixie Edith\"},\"sameAs\":[\"https:\\\/\\\/redsemlac.com\"],\"url\":\"https:\\\/\\\/redsemlac.com\\\/index.php\\\/author\\\/dixie-edith\\\/\"}]}<\/script>\n<!-- \/ Yoast SEO plugin. -->","yoast_head_json":{"title":"Cuba: Cuando el cibercontrol tambi\u00e9n se disfraza de amor - RedSemLac","robots":{"index":"index","follow":"follow","max-snippet":"max-snippet:-1","max-image-preview":"max-image-preview:large","max-video-preview":"max-video-preview:-1"},"canonical":"https:\/\/redsemlac.com\/index.php\/2026\/08\/22\/cuba-cuando-el-cibercontrol-tambien-se-disfraza-de-amor\/","og_locale":"es_MX","og_type":"article","og_title":"Cuba: Cuando el cibercontrol tambi\u00e9n se disfraza de amor - RedSemLac","og_description":"Como en otras zonas del mundo, la violencia de g\u00e9nero en Cuba adquiere nuevos rostros en el entorno digital. Se trata de un problema m\u00e1s frecuente entre j\u00f3venes y adolescentes, y los adultos a\u00fan no saben bien c\u00f3mo abordarlo, coinciden acad\u00e9micas de la naci\u00f3n caribe\u00f1a.","og_url":"https:\/\/redsemlac.com\/index.php\/2026\/08\/22\/cuba-cuando-el-cibercontrol-tambien-se-disfraza-de-amor\/","og_site_name":"RedSemLac","article_published_time":"2026-08-22T20:05:44+00:00","og_image":[{"width":617,"height":463,"url":"https:\/\/redsemlac.com\/wp-content\/uploads\/2026\/08\/1-control-portada.jpg","type":"image\/jpeg"}],"author":"Dixie Edith","twitter_card":"summary_large_image","twitter_misc":{"Escrito por":"Dixie Edith","Tiempo de lectura":"7 minutos"},"schema":{"@context":"https:\/\/schema.org","@graph":[{"@type":"Article","@id":"https:\/\/redsemlac.com\/index.php\/2026\/08\/22\/cuba-cuando-el-cibercontrol-tambien-se-disfraza-de-amor\/#article","isPartOf":{"@id":"https:\/\/redsemlac.com\/index.php\/2026\/08\/22\/cuba-cuando-el-cibercontrol-tambien-se-disfraza-de-amor\/"},"author":{"name":"Dixie Edith","@id":"https:\/\/redsemlac.com\/#\/schema\/person\/97a65c32a644ae633545aa3a50abcd14"},"headline":"Cuba: Cuando el cibercontrol tambi\u00e9n se disfraza de amor","datePublished":"2026-08-22T20:05:44+00:00","mainEntityOfPage":{"@id":"https:\/\/redsemlac.com\/index.php\/2026\/08\/22\/cuba-cuando-el-cibercontrol-tambien-se-disfraza-de-amor\/"},"wordCount":1413,"commentCount":0,"publisher":{"@id":"https:\/\/redsemlac.com\/#organization"},"image":{"@id":"https:\/\/redsemlac.com\/index.php\/2026\/08\/22\/cuba-cuando-el-cibercontrol-tambien-se-disfraza-de-amor\/#primaryimage"},"thumbnailUrl":"https:\/\/redsemlac.com\/wp-content\/uploads\/2026\/08\/1-control-portada.jpg","keywords":["Adolescencias","ciberviolencia","Cuba","juventudes","Violencia de g\u00e9nero","Violencia digital"],"articleSection":["Violencia de g\u00e9nero"],"inLanguage":"es","potentialAction":[{"@type":"CommentAction","name":"Comment","target":["https:\/\/redsemlac.com\/index.php\/2026\/08\/22\/cuba-cuando-el-cibercontrol-tambien-se-disfraza-de-amor\/#respond"]}]},{"@type":"WebPage","@id":"https:\/\/redsemlac.com\/index.php\/2026\/08\/22\/cuba-cuando-el-cibercontrol-tambien-se-disfraza-de-amor\/","url":"https:\/\/redsemlac.com\/index.php\/2026\/08\/22\/cuba-cuando-el-cibercontrol-tambien-se-disfraza-de-amor\/","name":"Cuba: Cuando el cibercontrol tambi\u00e9n se disfraza de amor - RedSemLac","isPartOf":{"@id":"https:\/\/redsemlac.com\/#website"},"primaryImageOfPage":{"@id":"https:\/\/redsemlac.com\/index.php\/2026\/08\/22\/cuba-cuando-el-cibercontrol-tambien-se-disfraza-de-amor\/#primaryimage"},"image":{"@id":"https:\/\/redsemlac.com\/index.php\/2026\/08\/22\/cuba-cuando-el-cibercontrol-tambien-se-disfraza-de-amor\/#primaryimage"},"thumbnailUrl":"https:\/\/redsemlac.com\/wp-content\/uploads\/2026\/08\/1-control-portada.jpg","datePublished":"2026-08-22T20:05:44+00:00","breadcrumb":{"@id":"https:\/\/redsemlac.com\/index.php\/2026\/08\/22\/cuba-cuando-el-cibercontrol-tambien-se-disfraza-de-amor\/#breadcrumb"},"inLanguage":"es","potentialAction":[{"@type":"ReadAction","target":["https:\/\/redsemlac.com\/index.php\/2026\/08\/22\/cuba-cuando-el-cibercontrol-tambien-se-disfraza-de-amor\/"]}]},{"@type":"ImageObject","inLanguage":"es","@id":"https:\/\/redsemlac.com\/index.php\/2026\/08\/22\/cuba-cuando-el-cibercontrol-tambien-se-disfraza-de-amor\/#primaryimage","url":"https:\/\/redsemlac.com\/wp-content\/uploads\/2026\/08\/1-control-portada.jpg","contentUrl":"https:\/\/redsemlac.com\/wp-content\/uploads\/2026\/08\/1-control-portada.jpg","width":617,"height":463,"caption":"Cada vez es m\u00e1s frecuente que las parejas j\u00f3venes ejerzan control y vigilancia mediante dispositivos m\u00f3viles y redes sociales. Foto: UNL Noticias"},{"@type":"BreadcrumbList","@id":"https:\/\/redsemlac.com\/index.php\/2026\/08\/22\/cuba-cuando-el-cibercontrol-tambien-se-disfraza-de-amor\/#breadcrumb","itemListElement":[{"@type":"ListItem","position":1,"name":"Inicio","item":"https:\/\/redsemlac.com\/"},{"@type":"ListItem","position":2,"name":"Cuba: Cuando el cibercontrol tambi\u00e9n se disfraza de amor"}]},{"@type":"WebSite","@id":"https:\/\/redsemlac.com\/#website","url":"https:\/\/redsemlac.com\/","name":"RedSemLac","description":"","publisher":{"@id":"https:\/\/redsemlac.com\/#organization"},"potentialAction":[{"@type":"SearchAction","target":{"@type":"EntryPoint","urlTemplate":"https:\/\/redsemlac.com\/?s={search_term_string}"},"query-input":{"@type":"PropertyValueSpecification","valueRequired":true,"valueName":"search_term_string"}}],"inLanguage":"es"},{"@type":"Organization","@id":"https:\/\/redsemlac.com\/#organization","name":"RedSemLac","url":"https:\/\/redsemlac.com\/","logo":{"@type":"ImageObject","inLanguage":"es","@id":"https:\/\/redsemlac.com\/#\/schema\/logo\/image\/","url":"https:\/\/redsemlac.com\/wp-content\/uploads\/2026\/07\/logo_redsemlac.png","contentUrl":"https:\/\/redsemlac.com\/wp-content\/uploads\/2026\/07\/logo_redsemlac.png","width":170,"height":105,"caption":"RedSemLac"},"image":{"@id":"https:\/\/redsemlac.com\/#\/schema\/logo\/image\/"}},{"@type":"Person","@id":"https:\/\/redsemlac.com\/#\/schema\/person\/97a65c32a644ae633545aa3a50abcd14","name":"Dixie Edith","image":{"@type":"ImageObject","inLanguage":"es","@id":"https:\/\/secure.gravatar.com\/avatar\/5f36ed646dfb943b5d60cc67f30ed2fd6066f9a521a4ec61d32a2e3e4272296b?s=96&d=mm&r=g","url":"https:\/\/secure.gravatar.com\/avatar\/5f36ed646dfb943b5d60cc67f30ed2fd6066f9a521a4ec61d32a2e3e4272296b?s=96&d=mm&r=g","contentUrl":"https:\/\/secure.gravatar.com\/avatar\/5f36ed646dfb943b5d60cc67f30ed2fd6066f9a521a4ec61d32a2e3e4272296b?s=96&d=mm&r=g","caption":"Dixie Edith"},"sameAs":["https:\/\/redsemlac.com"],"url":"https:\/\/redsemlac.com\/index.php\/author\/dixie-edith\/"}]}},"_links":{"self":[{"href":"https:\/\/redsemlac.com\/index.php\/wp-json\/wp\/v2\/posts\/807","targetHints":{"allow":["GET"]}}],"collection":[{"href":"https:\/\/redsemlac.com\/index.php\/wp-json\/wp\/v2\/posts"}],"about":[{"href":"https:\/\/redsemlac.com\/index.php\/wp-json\/wp\/v2\/types\/post"}],"author":[{"embeddable":true,"href":"https:\/\/redsemlac.com\/index.php\/wp-json\/wp\/v2\/users\/4"}],"replies":[{"embeddable":true,"href":"https:\/\/redsemlac.com\/index.php\/wp-json\/wp\/v2\/comments?post=807"}],"version-history":[{"count":1,"href":"https:\/\/redsemlac.com\/index.php\/wp-json\/wp\/v2\/posts\/807\/revisions"}],"predecessor-version":[{"id":812,"href":"https:\/\/redsemlac.com\/index.php\/wp-json\/wp\/v2\/posts\/807\/revisions\/812"}],"wp:featuredmedia":[{"embeddable":true,"href":"https:\/\/redsemlac.com\/index.php\/wp-json\/wp\/v2\/media\/809"}],"wp:attachment":[{"href":"https:\/\/redsemlac.com\/index.php\/wp-json\/wp\/v2\/media?parent=807"}],"wp:term":[{"taxonomy":"category","embeddable":true,"href":"https:\/\/redsemlac.com\/index.php\/wp-json\/wp\/v2\/categories?post=807"},{"taxonomy":"post_tag","embeddable":true,"href":"https:\/\/redsemlac.com\/index.php\/wp-json\/wp\/v2\/tags?post=807"}],"curies":[{"name":"wp","href":"https:\/\/api.w.org\/{rel}","templated":true}]}}