{"id":802,"date":"2026-08-21T17:57:09","date_gmt":"2026-08-21T17:57:09","guid":{"rendered":"https:\/\/redsemlac.com\/?p=802"},"modified":"2026-08-21T17:57:09","modified_gmt":"2026-08-21T17:57:09","slug":"bellas-y-airosas-consuelo-velazquez","status":"publish","type":"post","link":"https:\/\/redsemlac.com\/index.php\/2026\/08\/21\/bellas-y-airosas-consuelo-velazquez\/","title":{"rendered":"Bellas y Airosas: Consuelo Vel\u00e1zquez"},"content":{"rendered":"<p>Pachuca, Hidalgo, M\u00e9xico (SEMlac).- \u201cB\u00e9same mucho\u201d lleg\u00f3 a consagrarla; Consuelo Vel\u00e1zquez siempre declar\u00f3 que la compuso sin haber sido besada todav\u00eda y que se inspir\u00f3 en una \u00f3pera de Enrique Granados. La popularidad de esta canci\u00f3n se vio reforzada por surgir en el contexto de la Segunda Guerra Mundial. En Estados Unidos se convirti\u00f3 en una especie de despedida cl\u00e1sica entre los hombres que se iban al combate y las mujeres que se quedaban a esperarlos, enamoradas y tristes, esperanzadas y nost\u00e1lgicas. En 1999 fue calificada como la canci\u00f3n en espa\u00f1ol m\u00e1s conocida, m\u00e1s cantada, m\u00e1s grabada y m\u00e1s difundida en el mundo de todos los tiempos. De igual manera, se ha denominado el bolero m\u00e1s famoso del mundo.<\/p>\n<p><strong>\u00a0<\/strong>La canci\u00f3n presenta un discurso sencillo y breve, es una petici\u00f3n envuelta en un tono seductor e ingenuo. Hace referencia al placer de besar, mitifica la representaci\u00f3n del beso en la relaci\u00f3n amorosa y, al mismo tiempo, representa un despliegue de absoluta sensibilidad y sensualidad. La nostalgia y el deseo, la pasi\u00f3n y el pudor, hacen de la canci\u00f3n un discurso, una declaraci\u00f3n a la necesidad de sentirse amada. La descripci\u00f3n puntual del amor ideal.<\/p>\n<p>Otra canci\u00f3n donde el deseo y la pasi\u00f3n se manifiestan de una manera rom\u00e1ntica y muy sensual es \u201cEnamorada\u201d. Consuelo Vel\u00e1zquez se atreve a decir una frase fuerte para la \u00e9poca: \u201cEntr\u00e9game t\u00fa la caricia suprema de amor\u201d. En siete palabras sintetiza la apasionada entrega amorosa de una mujer que est\u00e1 enamorada y la describe \u201ccon luz en la mirada\u201d.\u00a0 La provocaci\u00f3n y la decisi\u00f3n de demostrar el amor hacia el otro las sintetiza en el cl\u00e1sico calificativo que sirve para juzgar a quien no sigue la moral tradicional ni las acciones conservadoras para amar.<\/p>\n<p>Las canciones destinadas al reclamo amoroso tambi\u00e9n son suaves y esperanzadoras. Puede haber un reclamo, mas no un enfrentamiento ni un insulto o un mal deseo. Hay dignidad y resignaci\u00f3n, pero sobre todo respeto, humildad, tranquilidad y fe en la otra persona y el amor mismo. Nuevamente un amor ideal, aceptar sin problemas la imposibilidad de seguir enamorados y separase en buenos t\u00e9rminos, dese\u00e1ndose lo mejor.<\/p>\n<p>Un cambio total en sus letras y ritmos lo representa \u201cYo no fui\u201d, interpretada con \u00e9xito por Pedro Infante y tiempo despu\u00e9s por Pedro Fern\u00e1ndez. Es una canci\u00f3n p\u00edcara e ingeniosa. Puede ser considerada como una declaraci\u00f3n de desobediencia y, al mismo tiempo, de mantener las apariencias para no meterse en problemas. Pero a la vez delata una declaraci\u00f3n de confianza del otro hacia ella:\u00a0 \u201cSi te vienen a contar\/Cositas malas de m\u00ed\/ Manda a todos a volar\/ Y diles que yo no fui\/Son puros cuentos de por ah\u00ed\/ T\u00fa debes creerme a m\u00ed\/ Yo no fui\u201d.<\/p>\n<p>La honestidad y la sinceridad son valores que la compositora juzga necesarios e imprescindibles en una relaci\u00f3n amorosa. Pocas veces, a trav\u00e9s de sus canciones, hizo un reclamo amoroso cruel o fuerte, tr\u00e1gico o fatal.\u00a0 El amor ideal, el deseo y la pasi\u00f3n caracterizaron la mayor\u00eda de las canciones de Consuelo Vel\u00e1zquez, una mujer preparada que estudi\u00f3 m\u00fasica, fue concertista, maestra de m\u00fasica, solista de la Orquesta Sinf\u00f3nica Nacional y la Filarm\u00f3nica de la UNAM.<\/p>\n<p>Adem\u00e1s de dedicarse a la m\u00fasica, tambi\u00e9n destac\u00f3 en otros escenarios. Estuvo al frente de la Sociedad de Autores y Compositores de M\u00e9xico, fue vicepresidenta de la Confederaci\u00f3n Internacional de Sociedades de Autores y Compositores y, en 1979, diputada por el Partido Revolucionario Institucional\u00a0 (PRI)<\/p>\n<p>Leal siempre a la esencia del bolero, no dej\u00f3 nunca de lado el romanticismo pese a que en sus tem\u00e1ticas el reclamo y el enfrentamiento amoroso estuvieron latentes, pero siempre con un tono suave, id\u00edlico y placentero. En una entrevista, su hijo Mariano Rivera afirm\u00f3:<\/p>\n<p>\u201cLa obra de mi madre es fundamentalmente de una gran versatilidad creativa, porque abarca todos los g\u00e9neros y la mayor\u00eda de los ritmos, adem\u00e1s cada canci\u00f3n se adec\u00faa a un momento de su personalidad y tiene una intenci\u00f3n creativa que refleja esa gran observaci\u00f3n que ten\u00eda de la vida, de lo que la rodeaba, de lo cotidiano y trascendente. <em>Amar<\/em>\u00a0es un gran himno al amor. El cat\u00e1logo de mi madre ense\u00f1a que tuvo una gran creatividad, que sigui\u00f3 en evoluci\u00f3n y de ninguna manera se qued\u00f3 circunscrita al bolero, a los a\u00f1os cuarenta o cincuenta o a \u00b4<em>B\u00e9same mucho<\/em>\u00b4, sino que estuvo activa hasta el final y que es una compositora del mundo hisp\u00e1nico que ha estado m\u00e1s ligada al jazz, soul, blues y rock; esto se observa en canciones como\u00a0<em>\u00b4<\/em><em>Anoche\u00b4<\/em><em>\u00a0<\/em><em>y\u00a0\u00b4<\/em><em>Tenaz obsesi\u00f3n\u00b4<\/em>\u201d.<\/p>\n<p>A 101 a\u00f1os de su nacimiento el 21 de agosto de 1916, las composiciones de Consuelo Vel\u00e1zquez siguen sonando en la radio y en los espacios virtuales.<\/p>\n<p>&nbsp;<\/p>\n","protected":false},"excerpt":{"rendered":"<p>\u201cB\u00e9same mucho\u201d lleg\u00f3 a consagrarla; Consuelo Vel\u00e1zquez siempre declar\u00f3 que la compuso sin haber sido besada todav\u00eda y que se inspir\u00f3 en una \u00f3pera de Enrique Granados. <\/p>\n","protected":false},"author":24,"featured_media":803,"comment_status":"open","ping_status":"open","sticky":false,"template":"","format":"standard","meta":{"footnotes":""},"categories":[27],"tags":[210,43,211,209],"class_list":["post-802","post","type-post","status-publish","format-standard","has-post-thumbnail","category-criterios","tag-consuelo-velazquez","tag-mexico","tag-mujeres-artistas","tag-musica"],"yoast_head":"<!-- This site is optimized with the Yoast SEO plugin v28.3 - https:\/\/yoast.com\/product\/yoast-seo-wordpress\/ -->\n<title>Bellas y Airosas: Consuelo Vel\u00e1zquez - RedSemLac<\/title>\n<meta name=\"robots\" content=\"index, follow, max-snippet:-1, max-image-preview:large, max-video-preview:-1\" \/>\n<link rel=\"canonical\" href=\"https:\/\/redsemlac.com\/index.php\/2026\/08\/21\/bellas-y-airosas-consuelo-velazquez\/\" \/>\n<meta property=\"og:locale\" content=\"es_MX\" \/>\n<meta property=\"og:type\" content=\"article\" \/>\n<meta property=\"og:title\" content=\"Bellas y Airosas: Consuelo Vel\u00e1zquez - RedSemLac\" \/>\n<meta property=\"og:description\" content=\"\u201cB\u00e9same mucho\u201d lleg\u00f3 a consagrarla; Consuelo Vel\u00e1zquez siempre declar\u00f3 que la compuso sin haber sido besada todav\u00eda y que se inspir\u00f3 en una \u00f3pera de Enrique Granados.\" \/>\n<meta property=\"og:url\" content=\"https:\/\/redsemlac.com\/index.php\/2026\/08\/21\/bellas-y-airosas-consuelo-velazquez\/\" \/>\n<meta property=\"og:site_name\" content=\"RedSemLac\" \/>\n<meta property=\"article:published_time\" content=\"2026-08-21T17:57:09+00:00\" \/>\n<meta property=\"og:image\" content=\"https:\/\/redsemlac.com\/wp-content\/uploads\/2026\/08\/consuelo-velazquez-autora-cancion-espanol.jpeg-portada.jpeg\" \/>\n\t<meta property=\"og:image:width\" content=\"617\" \/>\n\t<meta property=\"og:image:height\" content=\"463\" \/>\n\t<meta property=\"og:image:type\" content=\"image\/jpeg\" \/>\n<meta name=\"author\" content=\"Elvira Hern\u00e1ndez Carballido\" \/>\n<meta name=\"twitter:card\" content=\"summary_large_image\" \/>\n<meta name=\"twitter:label1\" content=\"Escrito por\" \/>\n\t<meta name=\"twitter:data1\" content=\"Elvira Hern\u00e1ndez Carballido\" \/>\n\t<meta name=\"twitter:label2\" content=\"Tiempo de lectura\" \/>\n\t<meta name=\"twitter:data2\" content=\"4 minutos\" \/>\n<script type=\"application\/ld+json\" class=\"yoast-schema-graph\">{\"@context\":\"https:\\\/\\\/schema.org\",\"@graph\":[{\"@type\":\"Article\",\"@id\":\"https:\\\/\\\/redsemlac.com\\\/index.php\\\/2026\\\/08\\\/21\\\/bellas-y-airosas-consuelo-velazquez\\\/#article\",\"isPartOf\":{\"@id\":\"https:\\\/\\\/redsemlac.com\\\/index.php\\\/2026\\\/08\\\/21\\\/bellas-y-airosas-consuelo-velazquez\\\/\"},\"author\":{\"name\":\"Elvira Hern\u00e1ndez Carballido\",\"@id\":\"https:\\\/\\\/redsemlac.com\\\/#\\\/schema\\\/person\\\/9b6e7722f998bae94e21b345ef04722c\"},\"headline\":\"Bellas y Airosas: Consuelo Vel\u00e1zquez\",\"datePublished\":\"2026-08-21T17:57:09+00:00\",\"mainEntityOfPage\":{\"@id\":\"https:\\\/\\\/redsemlac.com\\\/index.php\\\/2026\\\/08\\\/21\\\/bellas-y-airosas-consuelo-velazquez\\\/\"},\"wordCount\":860,\"commentCount\":0,\"publisher\":{\"@id\":\"https:\\\/\\\/redsemlac.com\\\/#organization\"},\"image\":{\"@id\":\"https:\\\/\\\/redsemlac.com\\\/index.php\\\/2026\\\/08\\\/21\\\/bellas-y-airosas-consuelo-velazquez\\\/#primaryimage\"},\"thumbnailUrl\":\"https:\\\/\\\/redsemlac.com\\\/wp-content\\\/uploads\\\/2026\\\/08\\\/consuelo-velazquez-autora-cancion-espanol.jpeg-portada.jpeg\",\"keywords\":[\"Consuelo Vel\u00e1zquez\",\"M\u00e9xico\",\"mujeres artistas\",\"m\u00fasica\"],\"articleSection\":[\"Criterios\"],\"inLanguage\":\"es\",\"potentialAction\":[{\"@type\":\"CommentAction\",\"name\":\"Comment\",\"target\":[\"https:\\\/\\\/redsemlac.com\\\/index.php\\\/2026\\\/08\\\/21\\\/bellas-y-airosas-consuelo-velazquez\\\/#respond\"]}]},{\"@type\":\"WebPage\",\"@id\":\"https:\\\/\\\/redsemlac.com\\\/index.php\\\/2026\\\/08\\\/21\\\/bellas-y-airosas-consuelo-velazquez\\\/\",\"url\":\"https:\\\/\\\/redsemlac.com\\\/index.php\\\/2026\\\/08\\\/21\\\/bellas-y-airosas-consuelo-velazquez\\\/\",\"name\":\"Bellas y Airosas: Consuelo Vel\u00e1zquez - RedSemLac\",\"isPartOf\":{\"@id\":\"https:\\\/\\\/redsemlac.com\\\/#website\"},\"primaryImageOfPage\":{\"@id\":\"https:\\\/\\\/redsemlac.com\\\/index.php\\\/2026\\\/08\\\/21\\\/bellas-y-airosas-consuelo-velazquez\\\/#primaryimage\"},\"image\":{\"@id\":\"https:\\\/\\\/redsemlac.com\\\/index.php\\\/2026\\\/08\\\/21\\\/bellas-y-airosas-consuelo-velazquez\\\/#primaryimage\"},\"thumbnailUrl\":\"https:\\\/\\\/redsemlac.com\\\/wp-content\\\/uploads\\\/2026\\\/08\\\/consuelo-velazquez-autora-cancion-espanol.jpeg-portada.jpeg\",\"datePublished\":\"2026-08-21T17:57:09+00:00\",\"breadcrumb\":{\"@id\":\"https:\\\/\\\/redsemlac.com\\\/index.php\\\/2026\\\/08\\\/21\\\/bellas-y-airosas-consuelo-velazquez\\\/#breadcrumb\"},\"inLanguage\":\"es\",\"potentialAction\":[{\"@type\":\"ReadAction\",\"target\":[\"https:\\\/\\\/redsemlac.com\\\/index.php\\\/2026\\\/08\\\/21\\\/bellas-y-airosas-consuelo-velazquez\\\/\"]}]},{\"@type\":\"ImageObject\",\"inLanguage\":\"es\",\"@id\":\"https:\\\/\\\/redsemlac.com\\\/index.php\\\/2026\\\/08\\\/21\\\/bellas-y-airosas-consuelo-velazquez\\\/#primaryimage\",\"url\":\"https:\\\/\\\/redsemlac.com\\\/wp-content\\\/uploads\\\/2026\\\/08\\\/consuelo-velazquez-autora-cancion-espanol.jpeg-portada.jpeg\",\"contentUrl\":\"https:\\\/\\\/redsemlac.com\\\/wp-content\\\/uploads\\\/2026\\\/08\\\/consuelo-velazquez-autora-cancion-espanol.jpeg-portada.jpeg\",\"width\":617,\"height\":463,\"caption\":\"A 101 a\u00f1os de su nacimiento el 21 de agosto de 1916, las composiciones de Consuelo Vel\u00e1zquez siguen sonando en la radio y en los espacios virtuales. Foto: Tomada de Milenio.com\"},{\"@type\":\"BreadcrumbList\",\"@id\":\"https:\\\/\\\/redsemlac.com\\\/index.php\\\/2026\\\/08\\\/21\\\/bellas-y-airosas-consuelo-velazquez\\\/#breadcrumb\",\"itemListElement\":[{\"@type\":\"ListItem\",\"position\":1,\"name\":\"Inicio\",\"item\":\"https:\\\/\\\/redsemlac.com\\\/\"},{\"@type\":\"ListItem\",\"position\":2,\"name\":\"Bellas y Airosas: Consuelo Vel\u00e1zquez\"}]},{\"@type\":\"WebSite\",\"@id\":\"https:\\\/\\\/redsemlac.com\\\/#website\",\"url\":\"https:\\\/\\\/redsemlac.com\\\/\",\"name\":\"RedSemLac\",\"description\":\"\",\"publisher\":{\"@id\":\"https:\\\/\\\/redsemlac.com\\\/#organization\"},\"potentialAction\":[{\"@type\":\"SearchAction\",\"target\":{\"@type\":\"EntryPoint\",\"urlTemplate\":\"https:\\\/\\\/redsemlac.com\\\/?s={search_term_string}\"},\"query-input\":{\"@type\":\"PropertyValueSpecification\",\"valueRequired\":true,\"valueName\":\"search_term_string\"}}],\"inLanguage\":\"es\"},{\"@type\":\"Organization\",\"@id\":\"https:\\\/\\\/redsemlac.com\\\/#organization\",\"name\":\"RedSemLac\",\"url\":\"https:\\\/\\\/redsemlac.com\\\/\",\"logo\":{\"@type\":\"ImageObject\",\"inLanguage\":\"es\",\"@id\":\"https:\\\/\\\/redsemlac.com\\\/#\\\/schema\\\/logo\\\/image\\\/\",\"url\":\"https:\\\/\\\/redsemlac.com\\\/wp-content\\\/uploads\\\/2026\\\/07\\\/logo_redsemlac.png\",\"contentUrl\":\"https:\\\/\\\/redsemlac.com\\\/wp-content\\\/uploads\\\/2026\\\/07\\\/logo_redsemlac.png\",\"width\":170,\"height\":105,\"caption\":\"RedSemLac\"},\"image\":{\"@id\":\"https:\\\/\\\/redsemlac.com\\\/#\\\/schema\\\/logo\\\/image\\\/\"}},{\"@type\":\"Person\",\"@id\":\"https:\\\/\\\/redsemlac.com\\\/#\\\/schema\\\/person\\\/9b6e7722f998bae94e21b345ef04722c\",\"name\":\"Elvira Hern\u00e1ndez Carballido\",\"image\":{\"@type\":\"ImageObject\",\"inLanguage\":\"es\",\"@id\":\"https:\\\/\\\/secure.gravatar.com\\\/avatar\\\/b42c5a945b63dd527e278079d25b58aba38a875e730e6727baf9ee94e566b7e5?s=96&d=mm&r=g\",\"url\":\"https:\\\/\\\/secure.gravatar.com\\\/avatar\\\/b42c5a945b63dd527e278079d25b58aba38a875e730e6727baf9ee94e566b7e5?s=96&d=mm&r=g\",\"contentUrl\":\"https:\\\/\\\/secure.gravatar.com\\\/avatar\\\/b42c5a945b63dd527e278079d25b58aba38a875e730e6727baf9ee94e566b7e5?s=96&d=mm&r=g\",\"caption\":\"Elvira Hern\u00e1ndez Carballido\"},\"sameAs\":[\"https:\\\/\\\/redsemlac.com\"],\"url\":\"https:\\\/\\\/redsemlac.com\\\/index.php\\\/author\\\/elviah\\\/\"}]}<\/script>\n<!-- \/ Yoast SEO plugin. -->","yoast_head_json":{"title":"Bellas y Airosas: Consuelo Vel\u00e1zquez - RedSemLac","robots":{"index":"index","follow":"follow","max-snippet":"max-snippet:-1","max-image-preview":"max-image-preview:large","max-video-preview":"max-video-preview:-1"},"canonical":"https:\/\/redsemlac.com\/index.php\/2026\/08\/21\/bellas-y-airosas-consuelo-velazquez\/","og_locale":"es_MX","og_type":"article","og_title":"Bellas y Airosas: Consuelo Vel\u00e1zquez - RedSemLac","og_description":"\u201cB\u00e9same mucho\u201d lleg\u00f3 a consagrarla; Consuelo Vel\u00e1zquez siempre declar\u00f3 que la compuso sin haber sido besada todav\u00eda y que se inspir\u00f3 en una \u00f3pera de Enrique Granados.","og_url":"https:\/\/redsemlac.com\/index.php\/2026\/08\/21\/bellas-y-airosas-consuelo-velazquez\/","og_site_name":"RedSemLac","article_published_time":"2026-08-21T17:57:09+00:00","og_image":[{"width":617,"height":463,"url":"https:\/\/redsemlac.com\/wp-content\/uploads\/2026\/08\/consuelo-velazquez-autora-cancion-espanol.jpeg-portada.jpeg","type":"image\/jpeg"}],"author":"Elvira Hern\u00e1ndez Carballido","twitter_card":"summary_large_image","twitter_misc":{"Escrito por":"Elvira Hern\u00e1ndez Carballido","Tiempo de lectura":"4 minutos"},"schema":{"@context":"https:\/\/schema.org","@graph":[{"@type":"Article","@id":"https:\/\/redsemlac.com\/index.php\/2026\/08\/21\/bellas-y-airosas-consuelo-velazquez\/#article","isPartOf":{"@id":"https:\/\/redsemlac.com\/index.php\/2026\/08\/21\/bellas-y-airosas-consuelo-velazquez\/"},"author":{"name":"Elvira Hern\u00e1ndez Carballido","@id":"https:\/\/redsemlac.com\/#\/schema\/person\/9b6e7722f998bae94e21b345ef04722c"},"headline":"Bellas y Airosas: Consuelo Vel\u00e1zquez","datePublished":"2026-08-21T17:57:09+00:00","mainEntityOfPage":{"@id":"https:\/\/redsemlac.com\/index.php\/2026\/08\/21\/bellas-y-airosas-consuelo-velazquez\/"},"wordCount":860,"commentCount":0,"publisher":{"@id":"https:\/\/redsemlac.com\/#organization"},"image":{"@id":"https:\/\/redsemlac.com\/index.php\/2026\/08\/21\/bellas-y-airosas-consuelo-velazquez\/#primaryimage"},"thumbnailUrl":"https:\/\/redsemlac.com\/wp-content\/uploads\/2026\/08\/consuelo-velazquez-autora-cancion-espanol.jpeg-portada.jpeg","keywords":["Consuelo Vel\u00e1zquez","M\u00e9xico","mujeres artistas","m\u00fasica"],"articleSection":["Criterios"],"inLanguage":"es","potentialAction":[{"@type":"CommentAction","name":"Comment","target":["https:\/\/redsemlac.com\/index.php\/2026\/08\/21\/bellas-y-airosas-consuelo-velazquez\/#respond"]}]},{"@type":"WebPage","@id":"https:\/\/redsemlac.com\/index.php\/2026\/08\/21\/bellas-y-airosas-consuelo-velazquez\/","url":"https:\/\/redsemlac.com\/index.php\/2026\/08\/21\/bellas-y-airosas-consuelo-velazquez\/","name":"Bellas y Airosas: Consuelo Vel\u00e1zquez - RedSemLac","isPartOf":{"@id":"https:\/\/redsemlac.com\/#website"},"primaryImageOfPage":{"@id":"https:\/\/redsemlac.com\/index.php\/2026\/08\/21\/bellas-y-airosas-consuelo-velazquez\/#primaryimage"},"image":{"@id":"https:\/\/redsemlac.com\/index.php\/2026\/08\/21\/bellas-y-airosas-consuelo-velazquez\/#primaryimage"},"thumbnailUrl":"https:\/\/redsemlac.com\/wp-content\/uploads\/2026\/08\/consuelo-velazquez-autora-cancion-espanol.jpeg-portada.jpeg","datePublished":"2026-08-21T17:57:09+00:00","breadcrumb":{"@id":"https:\/\/redsemlac.com\/index.php\/2026\/08\/21\/bellas-y-airosas-consuelo-velazquez\/#breadcrumb"},"inLanguage":"es","potentialAction":[{"@type":"ReadAction","target":["https:\/\/redsemlac.com\/index.php\/2026\/08\/21\/bellas-y-airosas-consuelo-velazquez\/"]}]},{"@type":"ImageObject","inLanguage":"es","@id":"https:\/\/redsemlac.com\/index.php\/2026\/08\/21\/bellas-y-airosas-consuelo-velazquez\/#primaryimage","url":"https:\/\/redsemlac.com\/wp-content\/uploads\/2026\/08\/consuelo-velazquez-autora-cancion-espanol.jpeg-portada.jpeg","contentUrl":"https:\/\/redsemlac.com\/wp-content\/uploads\/2026\/08\/consuelo-velazquez-autora-cancion-espanol.jpeg-portada.jpeg","width":617,"height":463,"caption":"A 101 a\u00f1os de su nacimiento el 21 de agosto de 1916, las composiciones de Consuelo Vel\u00e1zquez siguen sonando en la radio y en los espacios virtuales. Foto: Tomada de Milenio.com"},{"@type":"BreadcrumbList","@id":"https:\/\/redsemlac.com\/index.php\/2026\/08\/21\/bellas-y-airosas-consuelo-velazquez\/#breadcrumb","itemListElement":[{"@type":"ListItem","position":1,"name":"Inicio","item":"https:\/\/redsemlac.com\/"},{"@type":"ListItem","position":2,"name":"Bellas y Airosas: Consuelo Vel\u00e1zquez"}]},{"@type":"WebSite","@id":"https:\/\/redsemlac.com\/#website","url":"https:\/\/redsemlac.com\/","name":"RedSemLac","description":"","publisher":{"@id":"https:\/\/redsemlac.com\/#organization"},"potentialAction":[{"@type":"SearchAction","target":{"@type":"EntryPoint","urlTemplate":"https:\/\/redsemlac.com\/?s={search_term_string}"},"query-input":{"@type":"PropertyValueSpecification","valueRequired":true,"valueName":"search_term_string"}}],"inLanguage":"es"},{"@type":"Organization","@id":"https:\/\/redsemlac.com\/#organization","name":"RedSemLac","url":"https:\/\/redsemlac.com\/","logo":{"@type":"ImageObject","inLanguage":"es","@id":"https:\/\/redsemlac.com\/#\/schema\/logo\/image\/","url":"https:\/\/redsemlac.com\/wp-content\/uploads\/2026\/07\/logo_redsemlac.png","contentUrl":"https:\/\/redsemlac.com\/wp-content\/uploads\/2026\/07\/logo_redsemlac.png","width":170,"height":105,"caption":"RedSemLac"},"image":{"@id":"https:\/\/redsemlac.com\/#\/schema\/logo\/image\/"}},{"@type":"Person","@id":"https:\/\/redsemlac.com\/#\/schema\/person\/9b6e7722f998bae94e21b345ef04722c","name":"Elvira Hern\u00e1ndez Carballido","image":{"@type":"ImageObject","inLanguage":"es","@id":"https:\/\/secure.gravatar.com\/avatar\/b42c5a945b63dd527e278079d25b58aba38a875e730e6727baf9ee94e566b7e5?s=96&d=mm&r=g","url":"https:\/\/secure.gravatar.com\/avatar\/b42c5a945b63dd527e278079d25b58aba38a875e730e6727baf9ee94e566b7e5?s=96&d=mm&r=g","contentUrl":"https:\/\/secure.gravatar.com\/avatar\/b42c5a945b63dd527e278079d25b58aba38a875e730e6727baf9ee94e566b7e5?s=96&d=mm&r=g","caption":"Elvira Hern\u00e1ndez Carballido"},"sameAs":["https:\/\/redsemlac.com"],"url":"https:\/\/redsemlac.com\/index.php\/author\/elviah\/"}]}},"_links":{"self":[{"href":"https:\/\/redsemlac.com\/index.php\/wp-json\/wp\/v2\/posts\/802","targetHints":{"allow":["GET"]}}],"collection":[{"href":"https:\/\/redsemlac.com\/index.php\/wp-json\/wp\/v2\/posts"}],"about":[{"href":"https:\/\/redsemlac.com\/index.php\/wp-json\/wp\/v2\/types\/post"}],"author":[{"embeddable":true,"href":"https:\/\/redsemlac.com\/index.php\/wp-json\/wp\/v2\/users\/24"}],"replies":[{"embeddable":true,"href":"https:\/\/redsemlac.com\/index.php\/wp-json\/wp\/v2\/comments?post=802"}],"version-history":[{"count":1,"href":"https:\/\/redsemlac.com\/index.php\/wp-json\/wp\/v2\/posts\/802\/revisions"}],"predecessor-version":[{"id":804,"href":"https:\/\/redsemlac.com\/index.php\/wp-json\/wp\/v2\/posts\/802\/revisions\/804"}],"wp:featuredmedia":[{"embeddable":true,"href":"https:\/\/redsemlac.com\/index.php\/wp-json\/wp\/v2\/media\/803"}],"wp:attachment":[{"href":"https:\/\/redsemlac.com\/index.php\/wp-json\/wp\/v2\/media?parent=802"}],"wp:term":[{"taxonomy":"category","embeddable":true,"href":"https:\/\/redsemlac.com\/index.php\/wp-json\/wp\/v2\/categories?post=802"},{"taxonomy":"post_tag","embeddable":true,"href":"https:\/\/redsemlac.com\/index.php\/wp-json\/wp\/v2\/tags?post=802"}],"curies":[{"name":"wp","href":"https:\/\/api.w.org\/{rel}","templated":true}]}}