{"id":799,"date":"2026-08-21T17:46:30","date_gmt":"2026-08-21T17:46:30","guid":{"rendered":"https:\/\/redsemlac.com\/?p=799"},"modified":"2026-08-21T17:46:30","modified_gmt":"2026-08-21T17:46:30","slug":"pasado-presente-y-futuro","status":"publish","type":"post","link":"https:\/\/redsemlac.com\/index.php\/2026\/08\/21\/pasado-presente-y-futuro\/","title":{"rendered":"Pasado, presente y futuro"},"content":{"rendered":"<p>M\u00e9rida, Yucat\u00e1n (SEMlac).- \u00a0Pasado, presente y futuro siempre se entrelazan. Seleccion\u00e9 tres ejemplos, importantes para m\u00ed, en los que los tres tiempos coinciden: un aniversario luctuoso, el examen de control de la Universidad Aut\u00f3noma de M\u00e9xico (UNAM) y la actuaci\u00f3n de M\u00e9xico en los Juegos Centroamericanos y del Caribe 2026.<\/p>\n<p>Aniversario. Hace 22 a\u00f1os muri\u00f3 V\u00edctor Cervera Pacheco, \u00fanico yucateco que ha gobernado el estado durante una d\u00e9cada. Dos veces logr\u00f3 hacer de Progreso un puerto de altura funcional a las necesidades y expectativas de desarrollo futuro de Yucat\u00e1n.<\/p>\n<p>La primera, entre 1985 y 1989, con la construcci\u00f3n de la terminal remota, a 6.5 kil\u00f3metros de la costa, y la prolongaci\u00f3n del viaducto que la conect\u00f3 con tierra. La segunda, diez a\u00f1os despu\u00e9s, en 1999-2000, con la ampliaci\u00f3n de la plataforma de atraque y la profundizaci\u00f3n del canal de acceso. Una y otra fueron obras realizadas por el gobierno federal.<\/p>\n<p>A Cervera lo guio la convicci\u00f3n de que solo \u201cpensando en grande\u201d pod\u00eda la sociedad yucateca salir de la postraci\u00f3n y el des\u00e1nimo provocados por la declinante actividad henequenera. Mostr\u00f3 con acciones gubernamentales que Yucat\u00e1n era la \u201cotra frontera\u201d hacia Am\u00e9rica del Norte; que, en l\u00ednea recta sobre el Golfo de M\u00e9xico, solo 555 kil\u00f3metros nos separan de la desembocadura del r\u00edo Misisipi.<\/p>\n<p>Ahora Progreso se moderniza con un proyecto de ampliaci\u00f3n, cuyo costo total es, de acuerdo con la \u00faltima estimaci\u00f3n, de 12,225 millones de pesos (719 millones de d\u00f3lares). Gestado en el gobierno de Mauricio Vila, por primera vez cuenta con recursos estatales provenientes de un cr\u00e9dito autorizado por el Congreso del estado hasta por 3,063 millones de pesos (180 millones de d\u00f3lares) en octubre de 2023. El dragado ha sido la \u201cbisagra\u201d entre los gobiernos de Vila y Joaqu\u00edn D\u00edaz Mena. Ya gast\u00f3 el estado m\u00e1s de 1,600 millones de pesos (94\u00a0 (millones de d\u00f3lares).<\/p>\n<p>\u00bfY los recursos federales para la ampliaci\u00f3n? Hasta ahora, ninguna asignaci\u00f3n presupuestaria de magnitud comparable. Veremos realidades en el proyecto de presupuesto que entregar\u00e1 el Ejecutivo federal el pr\u00f3ximo 8 de septiembre.<\/p>\n<p>El puerto no fue ocurrencia. Fue visi\u00f3n: Yucat\u00e1n y su inserci\u00f3n en el mundo, en la econom\u00eda global que ya entonces se avizoraba.<\/p>\n<p>Progreso necesita ahora su viaducto ferroviario. Sin \u00e9l est\u00e1 incompleto, no puede competir. \u00bfCosto estimado? Dicen que alrededor de 35.000 millones de pesos (2.059 millones de dolres). No son solo siete kil\u00f3metros sobre el mar. La v\u00eda tendr\u00eda que prolongarse desde Para\u00edso hasta el inicio del viaducto mar\u00edtimo y, de ah\u00ed, recorrer otros siete kil\u00f3metros sobre un nuevo viaducto ferroviario hasta las plataformas del puerto de altura. Otra vez, hay que pensar en grande.<\/p>\n<h3><strong>Examen<\/strong><\/h3>\n<p>Alrededor de 80 j\u00f3venes yucatecos fueron convocados a realizar el examen de control para el ingreso a la UNAM. Primero lo hicieron en l\u00ednea, la mayor\u00eda con la expectativa de alcanzar cupo en alguna de las nueve carreras de licenciatura impartidas en la ENES (Escuela Nacional de Estudios Superiores), con sede en Uc\u00fa, Yucat\u00e1n. Dos se estrenan este agosto: Ingenier\u00eda en Computaci\u00f3n y Biolog\u00eda.<\/p>\n<p>Unos alcanzaron lugar, otros se quedaron muy cerca. Las anomal\u00edas en los resultados hicieron presumir trampas en una magnitud suficiente para obligar a una prueba adicional. Ya no se tomar\u00eda desde el hogar o el cibercaf\u00e9, sino en sitios expresamente habilitados para los miles de j\u00f3venes convocados. A los residentes en Yucat\u00e1n les correspondi\u00f3 trasladarse a Ciudad de M\u00e9xico.<\/p>\n<p>La mayor\u00eda de los aspirantes proviene de familias con recursos econ\u00f3micos limitados, m\u00e1s a\u00fan cuando se trata de afrontar un gasto no previsto. Plantearon sus demandas de apoyo para el viaje al gobernador D\u00edaz Mena. Hubo respuesta.<\/p>\n<p>El domingo a las tres de la ma\u00f1ana sali\u00f3 el primer autob\u00fas. Llegaron en la madrugada del lunes. Descanso de unas horas. Luego, acudir al Palacio de los Deportes en los turnos correspondientes: vespertino y nocturno del lunes; matutino del martes. Su doble reto: refrendar calificaciones y vencer el cansancio. El grupo restante debe estar este mi\u00e9rcoles presentando su examen.<\/p>\n<p>Espero que todos pasen e ingresen a la UNAM. Que haya alumnado suficiente para una robusta primera generaci\u00f3n de ingenieras e ingenieros en Computaci\u00f3n. Que Ciencias de la Tierra, Ciencias Ambientales, Ecolog\u00eda, Manejo Sustentable de Zonas Costeras, Geograf\u00eda Aplicada, Sociolog\u00eda Aplicada y Desarrollo y Gesti\u00f3n Interculturales acompa\u00f1en con el mismo \u00e9xito a las reci\u00e9n abiertas.<\/p>\n<p>Bien por los j\u00f3venes por no rendirse. Bien por los directivos de la ENES por apoyarlos. Y bien por el gobernador por abonar, a trav\u00e9s de ellas y ellos, al futuro de Yucat\u00e1n.<\/p>\n<h3><strong>Juegos Centroamericanos<\/strong><\/h3>\n<p>Rommel Pacheco. El director de la Conade (Comisi\u00f3n Nacional de Cultura F\u00edsica y Deporte) entreg\u00f3 muy buenas cuentas de la participaci\u00f3n de M\u00e9xico en Santo Domingo 2026. De acuerdo con el balance presentado por la Conade, las y los atletas mexicanos cosecharon un r\u00e9cord de 407 medallas, 167 de oro. Pacheco anunci\u00f3, adem\u00e1s, un est\u00edmulo econ\u00f3mico in\u00e9dito que premiar\u00e1 cada una de las preseas obtenidas por atletas y entrenadores.<\/p>\n<p>No cabe duda de que la Conade tiene un nuevo rumbo desde 2024. Los pleitos y los dimes y diretes entre federaciones parecen haberse extinguido. En 2026 ya existen dos equipos mexicanos clasificados para los Juegos Ol\u00edmpicos de Los \u00c1ngeles 2028: f\u00fatbol masculino y f\u00fatbol bandera femenino. Hay muy buenos indicadores que alientan el optimismo. Clavados, nataci\u00f3n, gimnasia r\u00edtmica y art\u00edstica, entre otras disciplinas, han alcanzado resultados positivos en diversas competencias internacionales. Pero 2027 ser\u00e1 un a\u00f1o decisivo para las clasificaciones ol\u00edmpicas.<\/p>\n<p>\u201cCantos de sirena\u201d le suenan a Rommel Pacheco. Su nombre aparece insistentemente como posible candidato de Morena para arrebatarle al PAN la joya de la corona pol\u00edtica yucateca: M\u00e9rida. Que, si gana, del palacio municipal podr\u00eda ir directo a la gubernatura en 2030. Una y otra vez Rommel ha se\u00f1alado que su compromiso est\u00e1 con las y los deportistas; que su meta es apoyarlos para lograr un n\u00famero in\u00e9dito de medallas ol\u00edmpicas para M\u00e9xico en 2028.<\/p>\n<p>Rommel Pacheco es uno de los muy contados altos funcionarios del gobierno de la presidenta Sheinbaum que est\u00e1 rindiendo buenas cuentas. Resolver aparentemente un tema coyuntural \u2014y riesgoso\u2014 como es una candidatura a la presidencia municipal de M\u00e9rida, privar\u00eda al deporte nacional de la indispensable continuidad institucional que requiere hacia 2028.<\/p>\n<p>Mejor ser\u00eda para la causa morenista \u2014que no es la m\u00eda\u2014 que Rommel continuara \u201cembarneciendo\u201d su candidatura a la gubernatura de Yucat\u00e1n en 2030 desde los buenos resultados de su gesti\u00f3n en la Conade.<\/p>\n<p>El futuro est\u00e1 presente en los tres relatos. Consiste en decidir cu\u00e1nto del presente estamos dispuestos a invertir en un tiempo que todav\u00eda no vemos. Cervera pens\u00f3 y luch\u00f3 m\u00e1s all\u00e1 de su circunstancia inmediata.<\/p>\n<p>Los j\u00f3venes aceptan un sacrificio presente para conquistar una oportunidad futura. Y a Rommel se le plantea justamente la disyuntiva entre la oportunidad pol\u00edtica inmediata y un proyecto de m\u00e1s largo plazo. Pasado, presente y futuro.<\/p>\n<p><strong>\u00a0La aur\u00a1tora es licenciada en Sociolog\u00eda con doctorado en Historia. Exgobernadora de Yucat\u00e1n<\/strong><\/p>\n","protected":false},"excerpt":{"rendered":"<p>Pasado, presente y futuro siempre se entrelazan. Seleccion\u00e9 tres ejemplos, importantes para m\u00ed, en los que los tres tiempos coinciden: un aniversario luctuoso, el examen de control de la Universidad Aut\u00f3noma de M\u00e9xico (UNAM) y la actuaci\u00f3n de M\u00e9xico en los Juegos Centroamericanos y del Caribe 2026.<\/p>\n","protected":false},"author":26,"featured_media":800,"comment_status":"open","ping_status":"open","sticky":false,"template":"","format":"standard","meta":{"footnotes":""},"categories":[27],"tags":[139,158,71,43,114,192,208],"class_list":["post-799","post","type-post","status-publish","format-standard","has-post-thumbnail","category-criterios","tag-deportes","tag-economia","tag-educacion","tag-mexico","tag-politica","tag-universidad-autonoma-de-mexico","tag-yucatan"],"yoast_head":"<!-- This site is optimized with the Yoast SEO plugin v28.3 - https:\/\/yoast.com\/product\/yoast-seo-wordpress\/ -->\n<title>Pasado, presente y futuro - RedSemLac<\/title>\n<meta name=\"robots\" content=\"index, follow, max-snippet:-1, max-image-preview:large, max-video-preview:-1\" \/>\n<link rel=\"canonical\" href=\"https:\/\/redsemlac.com\/index.php\/2026\/08\/21\/pasado-presente-y-futuro\/\" \/>\n<meta property=\"og:locale\" content=\"es_MX\" \/>\n<meta property=\"og:type\" content=\"article\" \/>\n<meta property=\"og:title\" content=\"Pasado, presente y futuro - RedSemLac\" \/>\n<meta property=\"og:description\" content=\"Pasado, presente y futuro siempre se entrelazan. Seleccion\u00e9 tres ejemplos, importantes para m\u00ed, en los que los tres tiempos coinciden: un aniversario luctuoso, el examen de control de la Universidad Aut\u00f3noma de M\u00e9xico (UNAM) y la actuaci\u00f3n de M\u00e9xico en los Juegos Centroamericanos y del Caribe 2026.\" \/>\n<meta property=\"og:url\" content=\"https:\/\/redsemlac.com\/index.php\/2026\/08\/21\/pasado-presente-y-futuro\/\" \/>\n<meta property=\"og:site_name\" content=\"RedSemLac\" \/>\n<meta property=\"article:published_time\" content=\"2026-08-21T17:46:30+00:00\" \/>\n<meta property=\"og:image\" content=\"https:\/\/redsemlac.com\/wp-content\/uploads\/2026\/08\/examen-de-control.jpg-portada.jpg\" \/>\n\t<meta property=\"og:image:width\" content=\"617\" \/>\n\t<meta property=\"og:image:height\" content=\"463\" \/>\n\t<meta property=\"og:image:type\" content=\"image\/jpeg\" \/>\n<meta name=\"author\" content=\"Dulce Ma. Sauri Riancho\" \/>\n<meta name=\"twitter:card\" content=\"summary_large_image\" \/>\n<meta name=\"twitter:label1\" content=\"Escrito por\" \/>\n\t<meta name=\"twitter:data1\" content=\"Dulce Ma. Sauri Riancho\" \/>\n\t<meta name=\"twitter:label2\" content=\"Tiempo de lectura\" \/>\n\t<meta name=\"twitter:data2\" content=\"6 minutos\" \/>\n<script type=\"application\/ld+json\" class=\"yoast-schema-graph\">{\"@context\":\"https:\\\/\\\/schema.org\",\"@graph\":[{\"@type\":\"Article\",\"@id\":\"https:\\\/\\\/redsemlac.com\\\/index.php\\\/2026\\\/08\\\/21\\\/pasado-presente-y-futuro\\\/#article\",\"isPartOf\":{\"@id\":\"https:\\\/\\\/redsemlac.com\\\/index.php\\\/2026\\\/08\\\/21\\\/pasado-presente-y-futuro\\\/\"},\"author\":{\"name\":\"Dulce Ma. Sauri Riancho\",\"@id\":\"https:\\\/\\\/redsemlac.com\\\/#\\\/schema\\\/person\\\/eb3f74fa3e5b3ac24fca191e6d2f6429\"},\"headline\":\"Pasado, presente y futuro\",\"datePublished\":\"2026-08-21T17:46:30+00:00\",\"mainEntityOfPage\":{\"@id\":\"https:\\\/\\\/redsemlac.com\\\/index.php\\\/2026\\\/08\\\/21\\\/pasado-presente-y-futuro\\\/\"},\"wordCount\":1241,\"commentCount\":0,\"publisher\":{\"@id\":\"https:\\\/\\\/redsemlac.com\\\/#organization\"},\"image\":{\"@id\":\"https:\\\/\\\/redsemlac.com\\\/index.php\\\/2026\\\/08\\\/21\\\/pasado-presente-y-futuro\\\/#primaryimage\"},\"thumbnailUrl\":\"https:\\\/\\\/redsemlac.com\\\/wp-content\\\/uploads\\\/2026\\\/08\\\/examen-de-control.jpg-portada.jpg\",\"keywords\":[\"deportes\",\"econom\u00eda\",\"Educaci\u00f3n\",\"M\u00e9xico\",\"pol\u00edtica\",\"Universidad Aut\u00f3noma de M\u00e9xico\",\"Yucat\u00e1n\"],\"articleSection\":[\"Criterios\"],\"inLanguage\":\"es\",\"potentialAction\":[{\"@type\":\"CommentAction\",\"name\":\"Comment\",\"target\":[\"https:\\\/\\\/redsemlac.com\\\/index.php\\\/2026\\\/08\\\/21\\\/pasado-presente-y-futuro\\\/#respond\"]}]},{\"@type\":\"WebPage\",\"@id\":\"https:\\\/\\\/redsemlac.com\\\/index.php\\\/2026\\\/08\\\/21\\\/pasado-presente-y-futuro\\\/\",\"url\":\"https:\\\/\\\/redsemlac.com\\\/index.php\\\/2026\\\/08\\\/21\\\/pasado-presente-y-futuro\\\/\",\"name\":\"Pasado, presente y futuro - RedSemLac\",\"isPartOf\":{\"@id\":\"https:\\\/\\\/redsemlac.com\\\/#website\"},\"primaryImageOfPage\":{\"@id\":\"https:\\\/\\\/redsemlac.com\\\/index.php\\\/2026\\\/08\\\/21\\\/pasado-presente-y-futuro\\\/#primaryimage\"},\"image\":{\"@id\":\"https:\\\/\\\/redsemlac.com\\\/index.php\\\/2026\\\/08\\\/21\\\/pasado-presente-y-futuro\\\/#primaryimage\"},\"thumbnailUrl\":\"https:\\\/\\\/redsemlac.com\\\/wp-content\\\/uploads\\\/2026\\\/08\\\/examen-de-control.jpg-portada.jpg\",\"datePublished\":\"2026-08-21T17:46:30+00:00\",\"breadcrumb\":{\"@id\":\"https:\\\/\\\/redsemlac.com\\\/index.php\\\/2026\\\/08\\\/21\\\/pasado-presente-y-futuro\\\/#breadcrumb\"},\"inLanguage\":\"es\",\"potentialAction\":[{\"@type\":\"ReadAction\",\"target\":[\"https:\\\/\\\/redsemlac.com\\\/index.php\\\/2026\\\/08\\\/21\\\/pasado-presente-y-futuro\\\/\"]}]},{\"@type\":\"ImageObject\",\"inLanguage\":\"es\",\"@id\":\"https:\\\/\\\/redsemlac.com\\\/index.php\\\/2026\\\/08\\\/21\\\/pasado-presente-y-futuro\\\/#primaryimage\",\"url\":\"https:\\\/\\\/redsemlac.com\\\/wp-content\\\/uploads\\\/2026\\\/08\\\/examen-de-control.jpg-portada.jpg\",\"contentUrl\":\"https:\\\/\\\/redsemlac.com\\\/wp-content\\\/uploads\\\/2026\\\/08\\\/examen-de-control.jpg-portada.jpg\",\"width\":617,\"height\":463,\"caption\":\"Espero que todos los j\u00f3venes que han debido presentarse al examen de control pasen e ingresen a la UNAM. Foto: Tomada de El Pa\u00eds\"},{\"@type\":\"BreadcrumbList\",\"@id\":\"https:\\\/\\\/redsemlac.com\\\/index.php\\\/2026\\\/08\\\/21\\\/pasado-presente-y-futuro\\\/#breadcrumb\",\"itemListElement\":[{\"@type\":\"ListItem\",\"position\":1,\"name\":\"Inicio\",\"item\":\"https:\\\/\\\/redsemlac.com\\\/\"},{\"@type\":\"ListItem\",\"position\":2,\"name\":\"Pasado, presente y futuro\"}]},{\"@type\":\"WebSite\",\"@id\":\"https:\\\/\\\/redsemlac.com\\\/#website\",\"url\":\"https:\\\/\\\/redsemlac.com\\\/\",\"name\":\"RedSemLac\",\"description\":\"\",\"publisher\":{\"@id\":\"https:\\\/\\\/redsemlac.com\\\/#organization\"},\"potentialAction\":[{\"@type\":\"SearchAction\",\"target\":{\"@type\":\"EntryPoint\",\"urlTemplate\":\"https:\\\/\\\/redsemlac.com\\\/?s={search_term_string}\"},\"query-input\":{\"@type\":\"PropertyValueSpecification\",\"valueRequired\":true,\"valueName\":\"search_term_string\"}}],\"inLanguage\":\"es\"},{\"@type\":\"Organization\",\"@id\":\"https:\\\/\\\/redsemlac.com\\\/#organization\",\"name\":\"RedSemLac\",\"url\":\"https:\\\/\\\/redsemlac.com\\\/\",\"logo\":{\"@type\":\"ImageObject\",\"inLanguage\":\"es\",\"@id\":\"https:\\\/\\\/redsemlac.com\\\/#\\\/schema\\\/logo\\\/image\\\/\",\"url\":\"https:\\\/\\\/redsemlac.com\\\/wp-content\\\/uploads\\\/2026\\\/07\\\/logo_redsemlac.png\",\"contentUrl\":\"https:\\\/\\\/redsemlac.com\\\/wp-content\\\/uploads\\\/2026\\\/07\\\/logo_redsemlac.png\",\"width\":170,\"height\":105,\"caption\":\"RedSemLac\"},\"image\":{\"@id\":\"https:\\\/\\\/redsemlac.com\\\/#\\\/schema\\\/logo\\\/image\\\/\"}},{\"@type\":\"Person\",\"@id\":\"https:\\\/\\\/redsemlac.com\\\/#\\\/schema\\\/person\\\/eb3f74fa3e5b3ac24fca191e6d2f6429\",\"name\":\"Dulce Ma. Sauri Riancho\",\"image\":{\"@type\":\"ImageObject\",\"inLanguage\":\"es\",\"@id\":\"https:\\\/\\\/secure.gravatar.com\\\/avatar\\\/cca19749134efbd19b6187afed4f06343ed17e97b0fbeea18cdd764ab6a6335e?s=96&d=mm&r=g\",\"url\":\"https:\\\/\\\/secure.gravatar.com\\\/avatar\\\/cca19749134efbd19b6187afed4f06343ed17e97b0fbeea18cdd764ab6a6335e?s=96&d=mm&r=g\",\"contentUrl\":\"https:\\\/\\\/secure.gravatar.com\\\/avatar\\\/cca19749134efbd19b6187afed4f06343ed17e97b0fbeea18cdd764ab6a6335e?s=96&d=mm&r=g\",\"caption\":\"Dulce Ma. Sauri Riancho\"},\"sameAs\":[\"https:\\\/\\\/redsemlac.com\"],\"url\":\"https:\\\/\\\/redsemlac.com\\\/index.php\\\/author\\\/sauri-riancho\\\/\"}]}<\/script>\n<!-- \/ Yoast SEO plugin. -->","yoast_head_json":{"title":"Pasado, presente y futuro - RedSemLac","robots":{"index":"index","follow":"follow","max-snippet":"max-snippet:-1","max-image-preview":"max-image-preview:large","max-video-preview":"max-video-preview:-1"},"canonical":"https:\/\/redsemlac.com\/index.php\/2026\/08\/21\/pasado-presente-y-futuro\/","og_locale":"es_MX","og_type":"article","og_title":"Pasado, presente y futuro - RedSemLac","og_description":"Pasado, presente y futuro siempre se entrelazan. Seleccion\u00e9 tres ejemplos, importantes para m\u00ed, en los que los tres tiempos coinciden: un aniversario luctuoso, el examen de control de la Universidad Aut\u00f3noma de M\u00e9xico (UNAM) y la actuaci\u00f3n de M\u00e9xico en los Juegos Centroamericanos y del Caribe 2026.","og_url":"https:\/\/redsemlac.com\/index.php\/2026\/08\/21\/pasado-presente-y-futuro\/","og_site_name":"RedSemLac","article_published_time":"2026-08-21T17:46:30+00:00","og_image":[{"width":617,"height":463,"url":"https:\/\/redsemlac.com\/wp-content\/uploads\/2026\/08\/examen-de-control.jpg-portada.jpg","type":"image\/jpeg"}],"author":"Dulce Ma. Sauri Riancho","twitter_card":"summary_large_image","twitter_misc":{"Escrito por":"Dulce Ma. Sauri Riancho","Tiempo de lectura":"6 minutos"},"schema":{"@context":"https:\/\/schema.org","@graph":[{"@type":"Article","@id":"https:\/\/redsemlac.com\/index.php\/2026\/08\/21\/pasado-presente-y-futuro\/#article","isPartOf":{"@id":"https:\/\/redsemlac.com\/index.php\/2026\/08\/21\/pasado-presente-y-futuro\/"},"author":{"name":"Dulce Ma. Sauri Riancho","@id":"https:\/\/redsemlac.com\/#\/schema\/person\/eb3f74fa3e5b3ac24fca191e6d2f6429"},"headline":"Pasado, presente y futuro","datePublished":"2026-08-21T17:46:30+00:00","mainEntityOfPage":{"@id":"https:\/\/redsemlac.com\/index.php\/2026\/08\/21\/pasado-presente-y-futuro\/"},"wordCount":1241,"commentCount":0,"publisher":{"@id":"https:\/\/redsemlac.com\/#organization"},"image":{"@id":"https:\/\/redsemlac.com\/index.php\/2026\/08\/21\/pasado-presente-y-futuro\/#primaryimage"},"thumbnailUrl":"https:\/\/redsemlac.com\/wp-content\/uploads\/2026\/08\/examen-de-control.jpg-portada.jpg","keywords":["deportes","econom\u00eda","Educaci\u00f3n","M\u00e9xico","pol\u00edtica","Universidad Aut\u00f3noma de M\u00e9xico","Yucat\u00e1n"],"articleSection":["Criterios"],"inLanguage":"es","potentialAction":[{"@type":"CommentAction","name":"Comment","target":["https:\/\/redsemlac.com\/index.php\/2026\/08\/21\/pasado-presente-y-futuro\/#respond"]}]},{"@type":"WebPage","@id":"https:\/\/redsemlac.com\/index.php\/2026\/08\/21\/pasado-presente-y-futuro\/","url":"https:\/\/redsemlac.com\/index.php\/2026\/08\/21\/pasado-presente-y-futuro\/","name":"Pasado, presente y futuro - RedSemLac","isPartOf":{"@id":"https:\/\/redsemlac.com\/#website"},"primaryImageOfPage":{"@id":"https:\/\/redsemlac.com\/index.php\/2026\/08\/21\/pasado-presente-y-futuro\/#primaryimage"},"image":{"@id":"https:\/\/redsemlac.com\/index.php\/2026\/08\/21\/pasado-presente-y-futuro\/#primaryimage"},"thumbnailUrl":"https:\/\/redsemlac.com\/wp-content\/uploads\/2026\/08\/examen-de-control.jpg-portada.jpg","datePublished":"2026-08-21T17:46:30+00:00","breadcrumb":{"@id":"https:\/\/redsemlac.com\/index.php\/2026\/08\/21\/pasado-presente-y-futuro\/#breadcrumb"},"inLanguage":"es","potentialAction":[{"@type":"ReadAction","target":["https:\/\/redsemlac.com\/index.php\/2026\/08\/21\/pasado-presente-y-futuro\/"]}]},{"@type":"ImageObject","inLanguage":"es","@id":"https:\/\/redsemlac.com\/index.php\/2026\/08\/21\/pasado-presente-y-futuro\/#primaryimage","url":"https:\/\/redsemlac.com\/wp-content\/uploads\/2026\/08\/examen-de-control.jpg-portada.jpg","contentUrl":"https:\/\/redsemlac.com\/wp-content\/uploads\/2026\/08\/examen-de-control.jpg-portada.jpg","width":617,"height":463,"caption":"Espero que todos los j\u00f3venes que han debido presentarse al examen de control pasen e ingresen a la UNAM. Foto: Tomada de El Pa\u00eds"},{"@type":"BreadcrumbList","@id":"https:\/\/redsemlac.com\/index.php\/2026\/08\/21\/pasado-presente-y-futuro\/#breadcrumb","itemListElement":[{"@type":"ListItem","position":1,"name":"Inicio","item":"https:\/\/redsemlac.com\/"},{"@type":"ListItem","position":2,"name":"Pasado, presente y futuro"}]},{"@type":"WebSite","@id":"https:\/\/redsemlac.com\/#website","url":"https:\/\/redsemlac.com\/","name":"RedSemLac","description":"","publisher":{"@id":"https:\/\/redsemlac.com\/#organization"},"potentialAction":[{"@type":"SearchAction","target":{"@type":"EntryPoint","urlTemplate":"https:\/\/redsemlac.com\/?s={search_term_string}"},"query-input":{"@type":"PropertyValueSpecification","valueRequired":true,"valueName":"search_term_string"}}],"inLanguage":"es"},{"@type":"Organization","@id":"https:\/\/redsemlac.com\/#organization","name":"RedSemLac","url":"https:\/\/redsemlac.com\/","logo":{"@type":"ImageObject","inLanguage":"es","@id":"https:\/\/redsemlac.com\/#\/schema\/logo\/image\/","url":"https:\/\/redsemlac.com\/wp-content\/uploads\/2026\/07\/logo_redsemlac.png","contentUrl":"https:\/\/redsemlac.com\/wp-content\/uploads\/2026\/07\/logo_redsemlac.png","width":170,"height":105,"caption":"RedSemLac"},"image":{"@id":"https:\/\/redsemlac.com\/#\/schema\/logo\/image\/"}},{"@type":"Person","@id":"https:\/\/redsemlac.com\/#\/schema\/person\/eb3f74fa3e5b3ac24fca191e6d2f6429","name":"Dulce Ma. Sauri Riancho","image":{"@type":"ImageObject","inLanguage":"es","@id":"https:\/\/secure.gravatar.com\/avatar\/cca19749134efbd19b6187afed4f06343ed17e97b0fbeea18cdd764ab6a6335e?s=96&d=mm&r=g","url":"https:\/\/secure.gravatar.com\/avatar\/cca19749134efbd19b6187afed4f06343ed17e97b0fbeea18cdd764ab6a6335e?s=96&d=mm&r=g","contentUrl":"https:\/\/secure.gravatar.com\/avatar\/cca19749134efbd19b6187afed4f06343ed17e97b0fbeea18cdd764ab6a6335e?s=96&d=mm&r=g","caption":"Dulce Ma. Sauri Riancho"},"sameAs":["https:\/\/redsemlac.com"],"url":"https:\/\/redsemlac.com\/index.php\/author\/sauri-riancho\/"}]}},"_links":{"self":[{"href":"https:\/\/redsemlac.com\/index.php\/wp-json\/wp\/v2\/posts\/799","targetHints":{"allow":["GET"]}}],"collection":[{"href":"https:\/\/redsemlac.com\/index.php\/wp-json\/wp\/v2\/posts"}],"about":[{"href":"https:\/\/redsemlac.com\/index.php\/wp-json\/wp\/v2\/types\/post"}],"author":[{"embeddable":true,"href":"https:\/\/redsemlac.com\/index.php\/wp-json\/wp\/v2\/users\/26"}],"replies":[{"embeddable":true,"href":"https:\/\/redsemlac.com\/index.php\/wp-json\/wp\/v2\/comments?post=799"}],"version-history":[{"count":1,"href":"https:\/\/redsemlac.com\/index.php\/wp-json\/wp\/v2\/posts\/799\/revisions"}],"predecessor-version":[{"id":801,"href":"https:\/\/redsemlac.com\/index.php\/wp-json\/wp\/v2\/posts\/799\/revisions\/801"}],"wp:featuredmedia":[{"embeddable":true,"href":"https:\/\/redsemlac.com\/index.php\/wp-json\/wp\/v2\/media\/800"}],"wp:attachment":[{"href":"https:\/\/redsemlac.com\/index.php\/wp-json\/wp\/v2\/media?parent=799"}],"wp:term":[{"taxonomy":"category","embeddable":true,"href":"https:\/\/redsemlac.com\/index.php\/wp-json\/wp\/v2\/categories?post=799"},{"taxonomy":"post_tag","embeddable":true,"href":"https:\/\/redsemlac.com\/index.php\/wp-json\/wp\/v2\/tags?post=799"}],"curies":[{"name":"wp","href":"https:\/\/api.w.org\/{rel}","templated":true}]}}